{"id":60,"date":"2025-08-29T18:29:22","date_gmt":"2025-08-29T18:29:22","guid":{"rendered":"https:\/\/teijaalanen.fi\/?p=60"},"modified":"2026-01-31T11:44:35","modified_gmt":"2026-01-31T11:44:35","slug":"valtuustoaloite-enon-taajaman-viihtyisyyden-parantamiseksi-ja-palveluiden-kehittamiseksi-29-8-2025","status":"publish","type":"post","link":"https:\/\/teijaalanen.fi\/index.php\/2025\/08\/29\/valtuustoaloite-enon-taajaman-viihtyisyyden-parantamiseksi-ja-palveluiden-kehittamiseksi-29-8-2025\/","title":{"rendered":"Valtuustoaloite Enon taajaman viihtyisyyden parantamiseksi ja palveluiden kehitt\u00e4miseksi 29.8.2025"},"content":{"rendered":"\n<p>T\u00e4m\u00e4n valtuustoaloitteen laadin Vihreiden valtuustoryhm\u00e4n nimiss\u00e4.&nbsp;<\/p>\n\n\n\n<p>Kaupungin omistama tontti Enon taajamassa, jolla aiemmin sijaitsi Enon terveysasema, on Enon keskustan aivan keskeisell\u00e4 paikalla Pielisjoen ja kyl\u00e4n l\u00e4pi kulkevan p\u00e4\u00e4v\u00e4yl\u00e4n varrella. Tontilta on purettu terveysasema vuonna 2023 ja siit\u00e4 pit\u00e4en tontti on ollut tyhjill\u00e4\u00e4n. Kaupunkiymp\u00e4rist\u00f6 toimialalta saadun tiedon mukaan tontille ei ole toistaiseksi kaavoitettu mit\u00e4\u00e4n. T\u00e4ll\u00e4 hetkell\u00e4 tontilla on isot kasat rakennuksen purkuj\u00e4tett\u00e4. Nykyisell\u00e4\u00e4n tontti vaikuttaa kielteisell\u00e4 tavalla Enon taajaman viihtyisyyteen ja viestii niin alueen asukkaille kuin satunnaisillekin k\u00e4vij\u00f6ille, ett\u00e4 kaupungin intressit alueen kunnossapitoon ja kehitt\u00e4miseen ovat v\u00e4h\u00e4iset.<\/p>\n\n\n\n<figure class=\"wp-block-image size-large\"><img loading=\"lazy\" decoding=\"async\" width=\"1024\" height=\"768\" src=\"https:\/\/teijaalanen.fi\/wp-content\/uploads\/2026\/01\/IMG_1064-1024x768.jpeg\" alt=\"\" class=\"wp-image-77\" srcset=\"https:\/\/teijaalanen.fi\/wp-content\/uploads\/2026\/01\/IMG_1064-1024x768.jpeg 1024w, https:\/\/teijaalanen.fi\/wp-content\/uploads\/2026\/01\/IMG_1064-300x225.jpeg 300w, https:\/\/teijaalanen.fi\/wp-content\/uploads\/2026\/01\/IMG_1064-768x576.jpeg 768w, https:\/\/teijaalanen.fi\/wp-content\/uploads\/2026\/01\/IMG_1064-1536x1152.jpeg 1536w, https:\/\/teijaalanen.fi\/wp-content\/uploads\/2026\/01\/IMG_1064-2048x1536.jpeg 2048w\" sizes=\"auto, (max-width: 1024px) 100vw, 1024px\" \/><\/figure>\n\n\n\n<p>Tontilla on runsaasti potentiaalia sen keskeisen sijainnin ja kauniin milj\u00f6\u00f6n ansiosta. Tontille voitaisiin sijoittaa palveluja, jotka hy\u00f6dytt\u00e4isiv\u00e4t niin kyl\u00e4l\u00e4isi\u00e4 kuin innostaisivat matkailijoita pys\u00e4htym\u00e4\u00e4n Enoon. Mahdollisia palveluita voisivat olla esimerkiksi vierasvenesatama tarvittavine infroineen, pys\u00e4k\u00f6intimahdollisuus matkailuautoille \/ asuntovaunuille tarvittavine infroineen, kes\u00e4kahvila \/ -ravintola, s\u00e4hk\u00f6autojen latauspiste ja\/tai esteet\u00f6n kalastuslaituri. Ranta-alue on valmiiksi puistomainen ja se olisi mahdollista saada virkistysk\u00e4ytt\u00f6\u00f6n pienell\u00e4kin panostuksella (raivaus, nuotiopaikka, keinut tms.).<\/p>\n\n\n\n<figure class=\"wp-block-image size-large\"><img loading=\"lazy\" decoding=\"async\" width=\"1024\" height=\"768\" src=\"https:\/\/teijaalanen.fi\/wp-content\/uploads\/2026\/01\/IMG_1063-1024x768.jpeg\" alt=\"\" class=\"wp-image-76\" srcset=\"https:\/\/teijaalanen.fi\/wp-content\/uploads\/2026\/01\/IMG_1063-1024x768.jpeg 1024w, https:\/\/teijaalanen.fi\/wp-content\/uploads\/2026\/01\/IMG_1063-300x225.jpeg 300w, https:\/\/teijaalanen.fi\/wp-content\/uploads\/2026\/01\/IMG_1063-768x576.jpeg 768w, https:\/\/teijaalanen.fi\/wp-content\/uploads\/2026\/01\/IMG_1063-1536x1152.jpeg 1536w, https:\/\/teijaalanen.fi\/wp-content\/uploads\/2026\/01\/IMG_1063-2048x1536.jpeg 2048w\" sizes=\"auto, (max-width: 1024px) 100vw, 1024px\" \/><\/figure>\n\n\n\n<p>Me allekirjoittaneet esit\u00e4mme, ett\u00e4 <\/p>\n\n\n\n<p>1. Tontilla sijaitseva purkuj\u00e4te poistetaan ja alue siistit\u00e4\u00e4n ilman tarpeetonta viivytyst\u00e4  <\/p>\n\n\n\n<p>2. Tontin k\u00e4ytt\u00f6\u00e4 l\u00e4hdet\u00e4\u00e4n selvitt\u00e4m\u00e4\u00e4n yhteisty\u00f6ss\u00e4 esimerkiksi Business Joensuun, Joensuun Satamat Oy:n, Pielisjoen Yritt\u00e4j\u00e4t ry:n ja \/ tai Enon kyl\u00e4yhdistys ry:n kanssa.<\/p>\n","protected":false},"excerpt":{"rendered":"<p>T\u00e4m\u00e4n valtuustoaloitteen laadin Vihreiden valtuustoryhm\u00e4n nimiss\u00e4.&nbsp; Kaupungin omistama tontti Enon taajamassa, jolla aiemmin sijaitsi Enon terveysasema, on Enon keskustan aivan keskeisell\u00e4 paikalla Pielisjoen ja kyl\u00e4n l\u00e4pi kulkevan p\u00e4\u00e4v\u00e4yl\u00e4n varrella. Tontilta on purettu terveysasema vuonna 2023 ja siit\u00e4 pit\u00e4en tontti on ollut tyhjill\u00e4\u00e4n. Kaupunkiymp\u00e4rist\u00f6 toimialalta saadun tiedon mukaan tontille ei ole toistaiseksi kaavoitettu mit\u00e4\u00e4n. T\u00e4ll\u00e4 hetkell\u00e4&#8230;<\/p>\n","protected":false},"author":2,"featured_media":76,"comment_status":"open","ping_status":"open","sticky":false,"template":"","format":"standard","meta":{"footnotes":""},"categories":[5],"tags":[70,54,55,60,71,68,61,62,69,65,66,67,53,72,63,64,57,56,58,59],"class_list":["post-60","post","type-post","status-publish","format-standard","has-post-thumbnail","hentry","category-valtuustoaloite","tag-asuinalueiden-elinvoimaisuus","tag-eno","tag-enon-taajama","tag-julkiset-oleskelualueet","tag-kaupungin-strateginen-suunnittelu","tag-kaupunkikehitys","tag-kaupunkikuva","tag-kaupunkisuunnittelu","tag-keskusta-alueen-elinvoima","tag-lahipalvelut","tag-liikenne-ja-esteettomyys","tag-liikuntapaikat-ulkoliikunta","tag-paikallinen-kehittaminen","tag-palveluiden-saavutettavuus","tag-palvelut-ja-infrastruktuuri","tag-palveluverkon-kehittaminen","tag-taajaman-palvelut","tag-taajaman-viihtyisyys","tag-ymparisto-ja-viihtyvyys","tag-ympariston-laadun-parantaminen"],"_links":{"self":[{"href":"https:\/\/teijaalanen.fi\/index.php\/wp-json\/wp\/v2\/posts\/60","targetHints":{"allow":["GET"]}}],"collection":[{"href":"https:\/\/teijaalanen.fi\/index.php\/wp-json\/wp\/v2\/posts"}],"about":[{"href":"https:\/\/teijaalanen.fi\/index.php\/wp-json\/wp\/v2\/types\/post"}],"author":[{"embeddable":true,"href":"https:\/\/teijaalanen.fi\/index.php\/wp-json\/wp\/v2\/users\/2"}],"replies":[{"embeddable":true,"href":"https:\/\/teijaalanen.fi\/index.php\/wp-json\/wp\/v2\/comments?post=60"}],"version-history":[{"count":4,"href":"https:\/\/teijaalanen.fi\/index.php\/wp-json\/wp\/v2\/posts\/60\/revisions"}],"predecessor-version":[{"id":187,"href":"https:\/\/teijaalanen.fi\/index.php\/wp-json\/wp\/v2\/posts\/60\/revisions\/187"}],"wp:featuredmedia":[{"embeddable":true,"href":"https:\/\/teijaalanen.fi\/index.php\/wp-json\/wp\/v2\/media\/76"}],"wp:attachment":[{"href":"https:\/\/teijaalanen.fi\/index.php\/wp-json\/wp\/v2\/media?parent=60"}],"wp:term":[{"taxonomy":"category","embeddable":true,"href":"https:\/\/teijaalanen.fi\/index.php\/wp-json\/wp\/v2\/categories?post=60"},{"taxonomy":"post_tag","embeddable":true,"href":"https:\/\/teijaalanen.fi\/index.php\/wp-json\/wp\/v2\/tags?post=60"}],"curies":[{"name":"wp","href":"https:\/\/api.w.org\/{rel}","templated":true}]}}