{"id":434,"date":"2026-06-19T21:40:33","date_gmt":"2026-06-19T21:40:33","guid":{"rendered":"https:\/\/teijaalanen.fi\/?p=434"},"modified":"2026-06-20T10:35:05","modified_gmt":"2026-06-20T10:35:05","slug":"ennaltaehkaiseva-tyo-tarvitsee-tekijansa-mutta-myos-jarjestojen-kriittista-tarkastelua","status":"publish","type":"post","link":"https:\/\/teijaalanen.fi\/index.php\/2026\/06\/19\/ennaltaehkaiseva-tyo-tarvitsee-tekijansa-mutta-myos-jarjestojen-kriittista-tarkastelua\/","title":{"rendered":"Ennaltaehk\u00e4isev\u00e4 ty\u00f6 tarvitsee tekij\u00e4ns\u00e4, mutta my\u00f6s j\u00e4rjest\u00f6jen kriittist\u00e4 tarkastelua"},"content":{"rendered":"\n<p class=\"wp-block-paragraph\">Viime p\u00e4ivin\u00e4 niin perinteisess\u00e4 mediassa kuin somessakin on puhuttu paljon j\u00e4rjest\u00f6jen rahoituksesta, hallinnosta ja johtajien palkoista. Keskustelulle antoi vauhtia sosiaali- ja terveysministeri Wille Rydmanin esitt\u00e4m\u00e4 linjaus, jonka mukaan valtionavustuksia saavien j\u00e4rjest\u00f6jen palkkakustannuksille ja muille hyv\u00e4ksytt\u00e4ville kuluille asetetaan aiempaa tiukempia rajoja. Keskustelussa on ollut my\u00f6s se, kuinka paljon j\u00e4rjest\u00f6kent\u00e4ll\u00e4 on p\u00e4\u00e4llekk\u00e4isi\u00e4 rakenteita, hallintoa ja niin sanottuja kattoj\u00e4rjest\u00f6j\u00e4.<\/p>\n\n\n\n<p class=\"wp-block-paragraph\">Aihe her\u00e4tt\u00e4\u00e4 tunteita ja omissakin somekanavissani olen saanut kriittisi\u00e4 kommentteja puolustaessani mielenterveysty\u00f6n riitt\u00e4v\u00e4\u00e4 rahoitusta. T\u00e4m\u00e4 siit\u00e4 huolimatta, ett\u00e4 olen puhunut yleisell\u00e4 tasolla ja nimenomaan hyvinvointialueiden n\u00e4k\u00f6kulmasta &#8211; en mink\u00e4\u00e4n tietyn j\u00e4rjest\u00f6n tai toimijan suulla. On k\u00e4ynyt ilmeiseksi, ett\u00e4 jotkut n\u00e4kev\u00e4t j\u00e4rjest\u00f6ty\u00f6n huuhaana, ja entisten poliitikkojen suojaty\u00f6paikkoina.<\/p>\n\n\n\n<h2 class=\"wp-block-heading\">Mit\u00e4 kattoj\u00e4rjest\u00f6t tekev\u00e4t?<\/h2>\n\n\n\n<p class=\"wp-block-paragraph\">Kattoj\u00e4rjest\u00f6 ei yleens\u00e4 tarjoa palveluja suoraan kansalaisille. Sen teht\u00e4v\u00e4 on tukea j\u00e4senj\u00e4rjest\u00f6j\u00e4\u00e4n esimerkiksi koulutuksella, neuvonnalla, tutkimuksella, vaikuttamisty\u00f6ll\u00e4, viestinn\u00e4ll\u00e4 ja yhteisten hankkeiden koordinoinnilla.<\/p>\n\n\n\n<p class=\"wp-block-paragraph\">L\u00e4ht\u00f6kohtaisesti t\u00e4m\u00e4 on tehokas tapa toimia. Sen sijaan ett\u00e4 sata j\u00e4rjest\u00f6\u00e4 tai paikallisyhdistyst\u00e4 hoitaisi jokainen oman viestint\u00e4ns\u00e4, laatisivat omat materiaalinsa, suunnittelisivat ja koordinoisivat koulutuksensa&#8230; n\u00e4m\u00e4 asiat voidaankin tuottaa keskitetysti koko valtakuntaan.<\/p>\n\n\n\n<p class=\"wp-block-paragraph\">Ongelma toki syntyy silloin, jos kattoj\u00e4rjest\u00f6 alkaa el\u00e4\u00e4 ensisijaisesti oman organisaationsa vuoksi. On mahdollista, ett\u00e4 syntyy tilanne, jossa kent\u00e4ll\u00e4 on useita p\u00e4\u00e4llekk\u00e4isi\u00e4 toimijoita, joiden ty\u00f6st\u00e4 suuri osa kohdistuu toisten j\u00e4rjest\u00f6jen tukemiseen eik\u00e4 kansalaisten auttamiseen.<\/p>\n\n\n\n<p class=\"wp-block-paragraph\">Juuri t\u00e4h\u00e4n keskusteluun Rydmanin esitt\u00e4m\u00e4t linjaukset ovat osittain liittyneet. Uusissa avustuskriteereiss\u00e4 on nostettu esiin hallinnon karsiminen, saman alan j\u00e4rjest\u00f6jen yhdistyminen sek\u00e4 katto- ja keskusj\u00e4rjest\u00f6jen rahoituksen kriittinen arviointi.<\/p>\n\n\n\n<p class=\"wp-block-paragraph\">En pid\u00e4 l\u00e4ht\u00f6kohtaisesti huonona asiana sit\u00e4, ett\u00e4 toimintojen j\u00e4rjest\u00e4misen tapaa tarkastellaan kriittisestikin, mutta nyt tuntuu, ett\u00e4 on hutkittu, mutta ei tutkittu. Tied\u00e4n, ett\u00e4 moni t\u00e4\u00e4ll\u00e4 Pohjois-Karjalassa paikallisella tasolla toimivista j\u00e4rjest\u00f6ist\u00e4 on jo nyt joutunut supistamaan kohtaavaa ty\u00f6t\u00e4, kun rahoitusta on leikattu ja nyt Rydmanin esityksess\u00e4 rahoitusta tultaisiin leikkaamaan edelleen noin 84 miljoonalla eurolla.<\/p>\n\n\n\n<p class=\"wp-block-paragraph\">En my\u00f6sk\u00e4\u00e4n voi mitenk\u00e4\u00e4n hyv\u00e4ksy\u00e4 ministeri Rydmanin linjausta siit\u00e4, ett\u00e4 avustusta ei jatkossa tultaisi my\u00f6nt\u00e4m\u00e4\u00e4n j\u00e4rjest\u00f6ille, joiden toiminnalla \u201dei ole selke\u00e4\u00e4 yhteytt\u00e4 terveyden edist\u00e4miseen tai toimintakyvyn rajoitteisiin tai joiden toiminta kohdistuu p\u00e4\u00e4asiassa yhteen tiettyyn ei-terveydellisperusteiseen tausta- tai identiteettiryhm\u00e4\u00e4n\u201d. <\/p>\n\n\n\n<p class=\"wp-block-paragraph\">En tied\u00e4, miten t\u00e4t\u00e4 linjausta tullaan tulkitsemaan. Sulkisiko t\u00e4m\u00e4 kriteeri pois esimerkiksi ensi- ja turvakodit, rikollisuuden ehk\u00e4isyyn tai rikoksen uhrien auttamiseen keskittyv\u00e4t j\u00e4rjest\u00f6t, Meripelastustoiminnanomaisj\u00e4rjest\u00f6t jne.? Odotan kauhulla syksy\u00e4 ja sit\u00e4, miten avustukset tullaan jakamaan.<\/p>\n\n\n\n<h2 class=\"wp-block-heading\">Ent\u00e4 johtajien palkat?<\/h2>\n\n\n\n<p class=\"wp-block-paragraph\">Julkisessa keskustelussa suurinta huomiota ovat saaneet my\u00f6s yksitt\u00e4isten j\u00e4rjest\u00f6jen johtajien ja muiden ty\u00f6ntekij\u00f6iden korkeat palkat.<\/p>\n\n\n\n<p class=\"wp-block-paragraph\">Sosiaali- ja terveysministeri\u00f6 on ilmoittanut, ett\u00e4 noin 200 valtionavustuksia saavissa j\u00e4rjest\u00f6iss\u00e4 ty\u00f6skentelev\u00e4\u00e4 henkil\u00f6\u00e4 ylitt\u00e4\u00e4 uuden 75 000 euron vuotuisen palkkarajan. Vuodesta 2027 alkaen t\u00e4m\u00e4n ylitt\u00e4v\u00e4\u00e4 osuutta ei voida kattaa avustusrahoilla.<\/p>\n\n\n\n<p class=\"wp-block-paragraph\">Ymm\u00e4rr\u00e4n kritiikin korkeita palkkoja kohtaan, mutta suuret valtakunnalliset j\u00e4rjest\u00f6t ovat usein kymmenien tai jopa satojen ty\u00f6ntekij\u00f6iden organisaatioita eik\u00e4 ole realistista ajatella, ett\u00e4 t\u00e4llaisten j\u00e4rjest\u00f6jen johtajat ty\u00f6skentelisiv\u00e4t vapaaehtoispohjalta. Jos vertailupohjaa hakee, niin pit\u00e4isi tarkastella esimerkiksi sit\u00e4, mink\u00e4 verran saman kokoisissa julkisissa organisaatioissa esimerkiksi kunnanjohtajat tienaavat. <\/p>\n\n\n\n<p class=\"wp-block-paragraph\">Useissa kattoj\u00e4rjest\u00f6iss\u00e4 ty\u00f6skentelee my\u00f6s lakimiehi\u00e4 ja l\u00e4\u00e4k\u00e4reit\u00e4. Heid\u00e4nkin palkkatasonsa j\u00e4rjest\u00f6iss\u00e4 on suhteutettava siihen, mit\u00e4 heid\u00e4n asiantuntemuksessaan muissa ty\u00f6paikoissa maksettaisiin. <\/p>\n\n\n\n<h2 class=\"wp-block-heading\">Hallinto ei ole sama asia kuin hukka<\/h2>\n\n\n\n<p class=\"wp-block-paragraph\">Keskustelussa usein kaikki hallintokulut leimataan turhiksi. J\u00e4rjest\u00f6ill\u00e4 niin kuin muillakin organisaatioilla on omat lakis\u00e4\u00e4teiset ja muut velvoitteensa, jotka koskevat muun muassa taloushallintoa, tietosuojaa, henkil\u00f6st\u00f6hallintoa, toiminnan raportointia ja hankkeita. Kaikki t\u00e4m\u00e4 ty\u00f6 tarvitsee tekij\u00e4ns\u00e4.<\/p>\n\n\n\n<p class=\"wp-block-paragraph\">Toiminnan py\u00f6ritt\u00e4minen vaatii tiloja, puhelimia, tietokoneita, verkkosivujen yll\u00e4pitoa, vakuutuksia, pankkipalveluja ja valitettavasti kaikki t\u00e4m\u00e4 maksaa.<\/p>\n\n\n\n<p class=\"wp-block-paragraph\">En kuitenkaan kiell\u00e4 sit\u00e4, etteik\u00f6 j\u00e4rjest\u00f6kentt\u00e4 olisi vuosikymmenten aikana kasvanut aikamoiseksi vyyhdiksi. Kun samalla toimialalla toimii useita j\u00e4rjest\u00f6j\u00e4, aluej\u00e4rjest\u00f6j\u00e4, keskusj\u00e4rjest\u00f6j\u00e4 ja hankkeita ja verkostoja, syntyy helposti rakenteita, joissa asioita tehd\u00e4\u00e4n p\u00e4\u00e4llekk\u00e4in ja monella tasolla. <\/p>\n\n\n\n<p class=\"wp-block-paragraph\">Tunnistan saman haasteen my\u00f6s oman ammattiliittoni OAJ:n kuin Vihreidenkin organisaatioista. Tarvitaanko kaikkia alayhdistyksi\u00e4?<\/p>\n\n\n\n<h2 class=\"wp-block-heading\">Ennaltaehk\u00e4isev\u00e4n ty\u00f6n arvo ei riipu j\u00e4rjest\u00f6jen rakenteista<\/h2>\n\n\n\n<p class=\"wp-block-paragraph\">Olen itse puhunut ennaltaehk\u00e4isev\u00e4n ty\u00f6n puolesta muun muassa mielenterveyden ja p\u00e4ihdety\u00f6n osalta. Tuntuu kurjalta lukea somesta jonkun nimett\u00f6m\u00e4n lytt\u00e4\u00e4v\u00e4n esimerkiksi itsemurhien ennaltaehk\u00e4isemisen eteen teht\u00e4v\u00e4n ty\u00f6n vain siksi, ett\u00e4 sen puolesta puhuu joku j\u00e4rjest\u00f6, jota kyseinen henkil\u00f6 pit\u00e4\u00e4 tarpeettomana.<\/p>\n\n\n\n<p class=\"wp-block-paragraph\">Ymm\u00e4rr\u00e4n sen, ett\u00e4 vaikkapa j\u00e4rjest\u00f6jen johtajien palkkoja tai hallinnon j\u00e4rjest\u00e4mist\u00e4 kritisoidaan, mutta eiv\u00e4t ongelmat niiss\u00e4 tarkoita, ett\u00e4 ennaltaehk\u00e4isev\u00e4 ty\u00f6 olisi tarpeetonta.<\/p>\n\n\n\n<p class=\"wp-block-paragraph\">Eik\u00e4 se, ett\u00e4 ennalta ehk\u00e4isev\u00e4t ty\u00f6 on t\u00e4rke\u00e4\u00e4, tarkoita sit\u00e4, etteik\u00f6 j\u00e4rjest\u00f6jen rakenteita voisi arvioida kriittisesti!<\/p>\n\n\n\n<p class=\"wp-block-paragraph\">Itse olen paikallistasolla seurannut useiden j\u00e4rjest\u00f6jen ty\u00f6t\u00e4 ja tarkastelen toiminnan merkityst\u00e4 &#8221;ruohonjuuritasolta&#8221;. Pelastakaa Lapset, Viadia, Siniristi, SPR, Nuorisoverstas, Mieli, Martat, liikuntaseurat, 4H, Setlementti, Jomoni, Muisti, MLL, Honkalampi-s\u00e4\u00e4ti\u00f6 &#8211; lista voisi jatkua vaikka kuinka pitk\u00e4\u00e4n &#8211; tekev\u00e4t n\u00e4kyv\u00e4\u00e4 ja vaikuttavaa ty\u00f6t\u00e4 sen eteen, ett\u00e4 t\u00e4\u00e4ll\u00e4 Pohjois-Karjalassa ihmiset voisivat paremmin niin fyysisesti kuin psyykkisestikin. Ty\u00f6t\u00e4 tehd\u00e4\u00e4n suurella syd\u00e4mell\u00e4. En tied\u00e4, kuka paikallisista toiminnanjohtajista tms. ilke\u00e4isi palkkatositteensa julkisesti esitell\u00e4, mutta ep\u00e4ilenp\u00e4, ett\u00e4 sielt\u00e4 ei ihan niin isoja summia l\u00f6ydy kuin monet tuntuvat ajattelevan.<\/p>\n\n\n\n<p class=\"wp-block-paragraph\">Ennaltaehk\u00e4isev\u00e4n mielenterveysty\u00f6n, vertaistuen, kriisiavun ja kansalaistoiminnan tarve ei ole Suomessa v\u00e4hentynyt. Siksi leikkauksiin pit\u00e4\u00e4 suhtautua varovaisesti eik\u00e4 tavoitteena tai seurauksena voi olla toiminnan alasajo, vaan se, ett\u00e4 jokainen julkinen euro k\u00e4ytet\u00e4\u00e4n mahdollisimman tehokkaasti kansalaisten hyvinvoinnin tukemiseen.<\/p>\n","protected":false},"excerpt":{"rendered":"<p>Viime p\u00e4ivin\u00e4 niin perinteisess\u00e4 mediassa kuin somessakin on puhuttu paljon j\u00e4rjest\u00f6jen rahoituksesta, hallinnosta ja johtajien palkoista. Keskustelulle antoi vauhtia sosiaali- ja terveysministeri Wille Rydmanin esitt\u00e4m\u00e4 linjaus, jonka mukaan valtionavustuksia saavien j\u00e4rjest\u00f6jen palkkakustannuksille ja muille hyv\u00e4ksytt\u00e4ville kuluille asetetaan aiempaa tiukempia rajoja. Keskustelussa on ollut my\u00f6s se, kuinka paljon j\u00e4rjest\u00f6kent\u00e4ll\u00e4 on p\u00e4\u00e4llekk\u00e4isi\u00e4 rakenteita, hallintoa ja niin sanottuja&#8230;<\/p>\n","protected":false},"author":2,"featured_media":0,"comment_status":"open","ping_status":"open","sticky":false,"template":"","format":"standard","meta":{"footnotes":""},"categories":[106],"tags":[639,616,265,644,625,156,630,655,621,657,624,638,656,653,643,622,636,641,619,618,642,623,651,240,629,635,620,647,633,654,10,617,634,648,628,649,627,296,650,631,637,626,128,652,632,640,645,646,658],"class_list":["post-434","post","type-post","status-publish","format-standard","hentry","category-reunamerkinta","tag-avustusleikkaukset","tag-ennaltaehkaiseva-tyo","tag-ennaltaehkaisy","tag-hallinnon-karsiminen","tag-hallintokulut","tag-hyvinvointi","tag-hyvinvointialueet","tag-itsemurhien-ehkaisy","tag-jarjestojen-hallinto","tag-jarjestojen-johtaminen","tag-jarjestojen-kulurakenne","tag-jarjestojen-lapinakyvyys","tag-jarjestojen-palkkaus","tag-jarjestojen-rakenteet","tag-jarjestojen-tehokkuus","tag-jarjestojohtajat","tag-jarjestokentta","tag-jarjestokeskustelu","tag-jarjestorahoitus","tag-jarjestot","tag-jarjestouudistus","tag-johtajien-palkat","tag-julkinen-keskustelu","tag-julkinen-rahoitus","tag-kansalaisjarjestot","tag-kansalaistoiminta","tag-kattojarjestot","tag-kolmas-sektori","tag-kriisiapu","tag-mielenterveyden-edistaminen","tag-mielenterveys","tag-mielenterveystyo","tag-paihdetyo","tag-paikallisjarjestot","tag-sosiaali-ja-terveysjarjestot","tag-sosiaalinen-tuki","tag-stea-avustukset","tag-terveyden-edistaminen","tag-terveysjarjestot","tag-toimintakyky","tag-vaikuttamistyo","tag-valtionavustukset","tag-vapaaehtoistyo","tag-verovarojen-kaytto","tag-vertaistuki","tag-wille-rydman","tag-yhdistystoiminta","tag-yhteiskunnallinen-vaikuttavuus","tag-yhteiskunnallinen-vastuu"],"_links":{"self":[{"href":"https:\/\/teijaalanen.fi\/index.php\/wp-json\/wp\/v2\/posts\/434","targetHints":{"allow":["GET"]}}],"collection":[{"href":"https:\/\/teijaalanen.fi\/index.php\/wp-json\/wp\/v2\/posts"}],"about":[{"href":"https:\/\/teijaalanen.fi\/index.php\/wp-json\/wp\/v2\/types\/post"}],"author":[{"embeddable":true,"href":"https:\/\/teijaalanen.fi\/index.php\/wp-json\/wp\/v2\/users\/2"}],"replies":[{"embeddable":true,"href":"https:\/\/teijaalanen.fi\/index.php\/wp-json\/wp\/v2\/comments?post=434"}],"version-history":[{"count":3,"href":"https:\/\/teijaalanen.fi\/index.php\/wp-json\/wp\/v2\/posts\/434\/revisions"}],"predecessor-version":[{"id":440,"href":"https:\/\/teijaalanen.fi\/index.php\/wp-json\/wp\/v2\/posts\/434\/revisions\/440"}],"wp:attachment":[{"href":"https:\/\/teijaalanen.fi\/index.php\/wp-json\/wp\/v2\/media?parent=434"}],"wp:term":[{"taxonomy":"category","embeddable":true,"href":"https:\/\/teijaalanen.fi\/index.php\/wp-json\/wp\/v2\/categories?post=434"},{"taxonomy":"post_tag","embeddable":true,"href":"https:\/\/teijaalanen.fi\/index.php\/wp-json\/wp\/v2\/tags?post=434"}],"curies":[{"name":"wp","href":"https:\/\/api.w.org\/{rel}","templated":true}]}}