{"id":268,"date":"2026-03-25T18:05:04","date_gmt":"2026-03-25T18:05:04","guid":{"rendered":"https:\/\/teijaalanen.fi\/?p=268"},"modified":"2026-04-09T12:24:24","modified_gmt":"2026-04-09T12:24:24","slug":"lasten-ja-perheiden-tukeminen-vaatii-yhteista-vastuuta","status":"publish","type":"post","link":"https:\/\/teijaalanen.fi\/index.php\/2026\/03\/25\/lasten-ja-perheiden-tukeminen-vaatii-yhteista-vastuuta\/","title":{"rendered":"Lasten ja perheiden tukeminen vaatii yhteist\u00e4 vastuuta"},"content":{"rendered":"\n<p><em>Karjalaisessa 6.4.2026 julkaistu\u00a0mielipidekirjoitus.<\/em><\/p>\n\n\n\n<p>Pohjois-Karjalassa monen lapsiperheen arki on kuormittunutta. Noin nelj\u00e4nnes perheist\u00e4 on yhden huoltajan perheit\u00e4, mik\u00e4 on hieman enemm\u00e4n kuin maassa keskim\u00e4\u00e4rin. Vuonna 2024 toimeentulotukea sai noin 8 prosenttia perheist\u00e4 . My\u00f6s t\u00e4m\u00e4 ylitt\u00e4\u00e4 valtakunnallisen keskitason. Lis\u00e4ksi lasten pienituloisuusaste on alueella maan korkeimpia. N\u00e4m\u00e4 luvut kertovat siit\u00e4, ett\u00e4 yh\u00e4 useampi perhe tarvitsee tukea arjessaan.<\/p>\n\n\n\n<p>Liian usein yhteys sosiaali- ja terveyspalveluihin syntyy vasta siin\u00e4 vaiheessa, kun haasteet ovat kasaantuneet ja tarvitaan raskaampia, korjaavia palveluita. Painopisteen tulisi sek\u00e4 inhimillisist\u00e4 ett\u00e4 taloudellisista syist\u00e4 olla ennaltaehk\u00e4isyss\u00e4 ja matalan kynnyksen varhaisessa tuessa. Perheit\u00e4 on tuettava silloin, kun huoli her\u00e4\u00e4 ensimm\u00e4isen kerran eik\u00e4 vasta kriisin hetkell\u00e4. Arjen kasvuymp\u00e4rist\u00f6ill\u00e4, kuten varhaiskasvatuksella, on t\u00e4ss\u00e4 keskeinen rooli.<\/p>\n\n\n\n<p>Kouluissa oppilashuolto (terveydenhoitajat, kuraattorit ja psykologit)&nbsp;on vakiintunut osa arkea. Sen sijaan varhaiskasvatuksessa vastaavaa hyvinvointialueen tarjoamaa tukea ei SiunSoten alueella ole. T\u00e4m\u00e4 luo aukon palveluketjuun juuri siin\u00e4 vaiheessa, kun varhainen tuki olisi kaikkein vaikuttavinta.<\/p>\n\n\n\n<p>Varhaiskasvatuksen ammattilaiset tekev\u00e4t totta kai arvokasta ty\u00f6t\u00e4 perheiden tukemisessa ja ottavat tarvittaessa yhteytt\u00e4 lastensuojeluun. On kuitenkin tilanteita, jossa tarvittaisiin palvelua, joka on jotain varhaiskasvatuksen ja lastensuojelun v\u00e4lilt\u00e4. T\u00e4ll\u00f6in matalan kynnyksen tuki ja varhainen ohjaus voisivat riitt\u00e4\u00e4 ehk\u00e4isem\u00e4\u00e4n tilanteen k\u00e4rjistymisen.<\/p>\n\n\n\n<figure class=\"wp-block-image size-large\"><img loading=\"lazy\" decoding=\"async\" width=\"765\" height=\"1024\" src=\"https:\/\/teijaalanen.fi\/wp-content\/uploads\/2026\/03\/unnamed-765x1024.jpg\" alt=\"\" class=\"wp-image-269\" srcset=\"https:\/\/teijaalanen.fi\/wp-content\/uploads\/2026\/03\/unnamed-765x1024.jpg 765w, https:\/\/teijaalanen.fi\/wp-content\/uploads\/2026\/03\/unnamed-224x300.jpg 224w, https:\/\/teijaalanen.fi\/wp-content\/uploads\/2026\/03\/unnamed-768x1028.jpg 768w, https:\/\/teijaalanen.fi\/wp-content\/uploads\/2026\/03\/unnamed-1147x1536.jpg 1147w, https:\/\/teijaalanen.fi\/wp-content\/uploads\/2026\/03\/unnamed-1530x2048.jpg 1530w, https:\/\/teijaalanen.fi\/wp-content\/uploads\/2026\/03\/unnamed-scaled.jpg 1912w\" sizes=\"auto, (max-width: 765px) 100vw, 765px\" \/><\/figure>\n\n\n\n<p>Kokemuksia hyvist\u00e4 ratkaisuista on jo olemassa. Joensuussa toimi viel\u00e4 muutama vuosi sitten varhaiskasvatuksen perheohjaajia, jotka vastasivat juuri t\u00e4h\u00e4n tarpeeseen. Toiminta sai kiitosta, mutta koska se ei ollut lakis\u00e4\u00e4teist\u00e4, arvaatte ehk\u00e4, kuinka sille talouden sopeuttamistoimien yhteydess\u00e4 on k\u00e4ynyt. T\u00e4m\u00e4 on valitettava esimerkki siit\u00e4, miten ennaltaehk\u00e4isev\u00e4 ty\u00f6 j\u00e4\u00e4 helposti s\u00e4\u00e4st\u00f6jen jalkoihin, vaikka hy\u00f6dyt pitk\u00e4ll\u00e4 aikav\u00e4lill\u00e4 olisivat ilmeiset.<\/p>\n\n\n\n<p>Varhaiskasvatuksen sosionomien lis\u00e4\u00e4minen lapsiryhmiin on askel oikeaan suuntaan, mutta se ei yksin ratkaise tilannetta. Sosionomit ty\u00f6skentelev\u00e4t lapsiryhmiss\u00e4 ja ovat osa laissa m\u00e4\u00e4ritelty\u00e4 henkil\u00f6st\u00f6mitoitusta, ja heid\u00e4n ensisijainen teht\u00e4v\u00e4ns\u00e4 on toimia kasvatusvastuullisina aikuisina lapsiryhm\u00e4ss\u00e4. Siksi heid\u00e4n ty\u00f6panostaan ei voida irrottaa laajamittaiseen perheiden tukemiseen.<\/p>\n\n\n\n<p>Milt\u00e4 kuulostaisi, jos varhaiskasvatuksen lakis\u00e4\u00e4teisen henkil\u00f6kunnan rinnalla toimisi perheiden tukemiseen keskittyv\u00e4 ammattilainen? Yksi mahdollisuus olisi tuoda varhaiskasvatukseen uusi ammattilainen, esimerkiksi varhaiskasvatuksen kuraattori tai perheohjaaja, jonka palkkauksesta ja toiminnasta vastaisivat yhdess\u00e4 kunnat ja hyvinvointialue. T\u00e4m\u00e4 ammattilainen toimisi p\u00e4iv\u00e4kotien arjessa, tukisi lapsia, henkil\u00f6st\u00f6\u00e4 ja vanhempia sek\u00e4 ohjaisi perheit\u00e4 tarvittaessa oikeiden palveluiden piiriin. Hyvinvointialueiden ja kuntien v\u00e4linen ty\u00f6njako ei saa muodostua esteeksi lasten ja perheiden tuelle. P\u00e4invastoin, tarvitaan tiivist\u00e4 yhteisty\u00f6t\u00e4 ja yhteisvastuullisia ratkaisuja. Olemassa oleva perhekeskusverkosto on hyv\u00e4 l\u00e4ht\u00f6kohta hallinnollisten raja-aitojen ylitt\u00e4miselle.&nbsp;<\/p>\n\n\n\n<p>T\u00e4llainen malli vahvistaisi palveluketjun jatkuvuutta ja toisi tuen sinne, miss\u00e4 lapset ja perheet jo ovat. Samalla se v\u00e4hent\u00e4isi raskaampien palveluiden tarvetta ja parantaisi hyvinvointia pitk\u00e4ll\u00e4 aikav\u00e4lill\u00e4. Lasten ja perheiden hyvinvointi on yhteinen asia. My\u00f6s vastuun&nbsp;on oltava yhteinen.<\/p>\n","protected":false},"excerpt":{"rendered":"<p>Karjalaisessa 6.4.2026 julkaistu\u00a0mielipidekirjoitus. Pohjois-Karjalassa monen lapsiperheen arki on kuormittunutta. Noin nelj\u00e4nnes perheist\u00e4 on yhden huoltajan perheit\u00e4, mik\u00e4 on hieman enemm\u00e4n kuin maassa keskim\u00e4\u00e4rin. Vuonna 2024 toimeentulotukea sai noin 8 prosenttia perheist\u00e4 . My\u00f6s t\u00e4m\u00e4 ylitt\u00e4\u00e4 valtakunnallisen keskitason. Lis\u00e4ksi lasten pienituloisuusaste on alueella maan korkeimpia. N\u00e4m\u00e4 luvut kertovat siit\u00e4, ett\u00e4 yh\u00e4 useampi perhe tarvitsee tukea arjessaan&#8230;.<\/p>\n","protected":false},"author":2,"featured_media":269,"comment_status":"open","ping_status":"open","sticky":false,"template":"","format":"standard","meta":{"footnotes":""},"categories":[6],"tags":[266,265,263,259,48,251,253,255,267,252,254,262,268,264,256,261,257,258,44,260],"class_list":["post-268","post","type-post","status-publish","format-standard","has-post-thumbnail","hentry","category-mielipide","tag-arjen-tuki","tag-ennaltaehkaisy","tag-hyvinvointipalvelut","tag-kasvatustyo","tag-koulutus","tag-lapset","tag-lapsiperheet","tag-lasten-hyvinvointi","tag-lasten-oikeudet","tag-perheet","tag-perheiden-tukeminen","tag-perhepalvelut","tag-perhepolitiikka","tag-sosiaalipalvelut","tag-vanhemmuus","tag-varhainen-tuki","tag-yhteinen-vastuu","tag-yhteiskunnan-vastuu","tag-yhteisollisyys","tag-yhteistyo"],"_links":{"self":[{"href":"https:\/\/teijaalanen.fi\/index.php\/wp-json\/wp\/v2\/posts\/268","targetHints":{"allow":["GET"]}}],"collection":[{"href":"https:\/\/teijaalanen.fi\/index.php\/wp-json\/wp\/v2\/posts"}],"about":[{"href":"https:\/\/teijaalanen.fi\/index.php\/wp-json\/wp\/v2\/types\/post"}],"author":[{"embeddable":true,"href":"https:\/\/teijaalanen.fi\/index.php\/wp-json\/wp\/v2\/users\/2"}],"replies":[{"embeddable":true,"href":"https:\/\/teijaalanen.fi\/index.php\/wp-json\/wp\/v2\/comments?post=268"}],"version-history":[{"count":3,"href":"https:\/\/teijaalanen.fi\/index.php\/wp-json\/wp\/v2\/posts\/268\/revisions"}],"predecessor-version":[{"id":301,"href":"https:\/\/teijaalanen.fi\/index.php\/wp-json\/wp\/v2\/posts\/268\/revisions\/301"}],"wp:featuredmedia":[{"embeddable":true,"href":"https:\/\/teijaalanen.fi\/index.php\/wp-json\/wp\/v2\/media\/269"}],"wp:attachment":[{"href":"https:\/\/teijaalanen.fi\/index.php\/wp-json\/wp\/v2\/media?parent=268"}],"wp:term":[{"taxonomy":"category","embeddable":true,"href":"https:\/\/teijaalanen.fi\/index.php\/wp-json\/wp\/v2\/categories?post=268"},{"taxonomy":"post_tag","embeddable":true,"href":"https:\/\/teijaalanen.fi\/index.php\/wp-json\/wp\/v2\/tags?post=268"}],"curies":[{"name":"wp","href":"https:\/\/api.w.org\/{rel}","templated":true}]}}