{"id":253,"date":"2026-03-02T16:32:45","date_gmt":"2026-03-02T16:32:45","guid":{"rendered":"https:\/\/teijaalanen.fi\/?p=253"},"modified":"2026-04-09T18:22:47","modified_gmt":"2026-04-09T18:22:47","slug":"digitalisaatiota-ja-saastoja-milla-hinnalla","status":"publish","type":"post","link":"https:\/\/teijaalanen.fi\/index.php\/2026\/03\/02\/digitalisaatiota-ja-saastoja-milla-hinnalla\/","title":{"rendered":"Digitalisaatiota ja s\u00e4\u00e4st\u00f6j\u00e4 &#8211; mill\u00e4 hinnalla?"},"content":{"rendered":"\n<p>Karjalaisessa 13.3.2026 julkaistu mielipidekirjoitus.<\/p>\n\n\n\n<p><\/p>\n\n\n\n<p>Viime aikoina mediassa on noussut esiin useita merkitt\u00e4vi\u00e4 muutoksia julkisen hallinnon digitalisaatiossa. Viimeisimp\u00e4n\u00e4 otsikoissa on ollut Kelan&nbsp;pitk\u00e4\u00e4n valmisteltu tietoj\u00e4rjestelmien uudistus, Eepos. Kelan tavoitteena on automatisoida jopa 80 % etuusp\u00e4\u00e4t\u00f6ksist\u00e4. T\u00e4m\u00e4n loogisena seurauksena Kelan ty\u00f6ntekij\u00e4m\u00e4\u00e4r\u00e4 tulee v\u00e4henem\u00e4\u00e4n merkitt\u00e4v\u00e4sti, t\u00e4m\u00e4n hetkisen tiedon mukaan noin 1000 ty\u00f6ntekij\u00e4ll\u00e4. Kelan ratkaisun taustalla on puhtaasti s\u00e4\u00e4st\u00f6toimenpiteet. Pohjois-Karjalassa Kelan toimipisteet Joensuussa ja Lieksassa ovat t\u00e4rkeit\u00e4 ty\u00f6nantajia. Kun ty\u00f6paikat uhkaavat kadota, k\u00e4yk\u00f6 niin, ett\u00e4 t\u00e4m\u00e4 tehostaminen lis\u00e4\u00e4kin samalla etuuksien tarvitsijoiden m\u00e4\u00e4r\u00e4\u00e4?<\/p>\n\n\n\n<p>Samanaikaisesti sek\u00e4 Kelan asiakastietojen, Verohallinnon asiakastietojen ett\u00e4 my\u00f6s suomalaisen vaalidatan tallentamista on suunniteltu yhdysvaltalaisten teknologian tarjoajien ratkaisujen varaan. Suomalaiset viranomaispalvelut ja arkaluontoiset tiedot sijoitetaan j\u00e4rjestelmiin, jotka eiv\u00e4t ole kokonaan EU- tai ETA-alueen lains\u00e4\u00e4d\u00e4nn\u00f6n piiriss\u00e4.&nbsp; Esimerkiksi viranomaisk\u00e4yt\u00f6ss\u00e4 olevan suomi.fi:n toiminta on jo t\u00e4ll\u00e4 hetkell\u00e4&nbsp;riippuvaista yhdysvaltalaiselta teknologiaj\u00e4tilt\u00e4 vuokratusta pilvest\u00e4. On kest\u00e4m\u00e4t\u00f6nt\u00e4, ett\u00e4&nbsp; suomalaisten arkaluontoisia terveystietoja ja muita henkil\u00f6kohtaisia tietoja k\u00e4sitell\u00e4\u00e4n ulkomaisissa pilvipalveluissa,&nbsp;joissa Suomen valtio ei voi t\u00e4ysin valvoa tietojen sijaintia tai k\u00e4ytt\u00f6\u00e4.<\/p>\n\n\n\n<p>Onko julkishallinnon t\u00e4rke\u00e4 digitaalinen infrastruktuuri rakennettu omien kansalaisten ja demokratian etujen mukaisesti&nbsp;vai luotetaanko liiaksi ulkomaisiin monikansallisiin toimijoihin?&nbsp;Jos n\u00e4iden globaalien toimijoiden palvelut h\u00e4iriintyisiv\u00e4t tai ep\u00e4vakaa maailmanpoliittinen tilanne aiheuttaisi sopimuksellisia riitatilanteita, seurauksena voisi olla&nbsp;laaja-alaisia ongelmia viranomaistoiminnallemme. T\u00e4m\u00e4 on sek\u00e4 tietoturvan ett\u00e4 kansallisen itsem\u00e4\u00e4r\u00e4\u00e4misen kysymys.<\/p>\n\n\n\n<p>Kaikessa yksinkertaisuudessaan: kansalaisten oikeudet, data ja demokratia eiv\u00e4t voi olla riippuvaisia kolmansien maiden lains\u00e4\u00e4d\u00e4nn\u00f6st\u00e4 tai ulkopuolisista poliittisista mielivallasta!<\/p>\n\n\n\n<p>Kriittiset julkiset digipalvelut on rakennettava suomalaisten ja eurooppalaisten toimijoiden varaan, EU\/ETA-alueella sijaitseville palvelimille ja eurooppalaisin tai avoimin ohjelmistoratkaisuin. T\u00e4m\u00e4nkaltainen ratkaisu&nbsp;vahvistaisi sek\u00e4 turvallisuutta ett\u00e4 digitaalista omavaraisuutta. Ja mik\u00e4 parasta: samalla se&nbsp;tukisi kotimaista ja eurooppalaista teknologia-alaa ja ty\u00f6paikkoja sek\u00e4 v\u00e4hent\u00e4isi riippuvuutta amerikkalaisista monopolipeleist\u00e4 ja teknologiamiljard\u00f6\u00f6reist\u00e4.<\/p>\n\n\n\n<p>Milt\u00e4p\u00e4 kuulostaisi esimerkiksi Kelan Pohjois-Karjalan datakeskus, jossa hy\u00f6dynnett\u00e4isiin kotimaista pilvi- ja digiosaamista?&nbsp;T\u00e4llainen ratkaisu tukisi ty\u00f6paikkoja Pohjois-Karjalassa ja loisi osaamista, jota voitaisiin hy\u00f6dynt\u00e4\u00e4 laajemmin koko EU:ssa.<\/p>\n\n\n\n<p>Automaatio sin\u00e4ns\u00e4 ei ole pahasta, mutta ratkaisuissa tulisi ottaa huomioon inhimilliset, sosiaaliset ja turvallisuuskysymykset&nbsp;\u2013 ei vain lyhyen aikav\u00e4lin kustannuss\u00e4\u00e4st\u00f6t.<\/p>\n","protected":false},"excerpt":{"rendered":"<p>Karjalaisessa 13.3.2026 julkaistu mielipidekirjoitus. Viime aikoina mediassa on noussut esiin useita merkitt\u00e4vi\u00e4 muutoksia julkisen hallinnon digitalisaatiossa. Viimeisimp\u00e4n\u00e4 otsikoissa on ollut Kelan&nbsp;pitk\u00e4\u00e4n valmisteltu tietoj\u00e4rjestelmien uudistus, Eepos. Kelan tavoitteena on automatisoida jopa 80 % etuusp\u00e4\u00e4t\u00f6ksist\u00e4. T\u00e4m\u00e4n loogisena seurauksena Kelan ty\u00f6ntekij\u00e4m\u00e4\u00e4r\u00e4 tulee v\u00e4henem\u00e4\u00e4n merkitt\u00e4v\u00e4sti, t\u00e4m\u00e4n hetkisen tiedon mukaan noin 1000 ty\u00f6ntekij\u00e4ll\u00e4. Kelan ratkaisun taustalla on puhtaasti s\u00e4\u00e4st\u00f6toimenpiteet. Pohjois-Karjalassa&#8230;<\/p>\n","protected":false},"author":2,"featured_media":0,"comment_status":"open","ping_status":"open","sticky":false,"template":"","format":"standard","meta":{"footnotes":""},"categories":[6],"tags":[199,192,215,208,214,219,211,191,198,193,209,210,216,164,218,205,190,212,196,203,12,207,195,217,201,197,213,204,194,94,202,200,206],"class_list":["post-253","post","type-post","status-publish","format-standard","hentry","category-mielipide","tag-asiakastietojen-hallinta","tag-automatisaatio","tag-datakeskus","tag-demokratia","tag-digiosaaminen","tag-digipalvelut","tag-digitaalinen-omavaraisuus","tag-eepos","tag-etuuksien-tarvitsijat","tag-etuuspaatokset","tag-eu-eta-alue","tag-eurooppalaiset-ohjelmistoratkaisut","tag-inhimilliset-vaikutukset","tag-joensuu","tag-julkinen-hallinto","tag-kansallinen-itsemaaraaminen","tag-kela","tag-kotimainen-teknologia-ala","tag-lieksa","tag-pilvipalvelut","tag-pohjois-karjala","tag-riippuvuus-monikansallisista-yhtioista","tag-saastotoimenpiteet","tag-sosiaaliset-kysymykset","tag-suomalainen-vaalidata","tag-tehostaminen","tag-teknologiayritykset","tag-tietoturva","tag-tyon-vaheneminen","tag-tyopaikat","tag-ulkomaiset-teknologiatoimijat","tag-verohallinto","tag-viranomaispalvelut"],"_links":{"self":[{"href":"https:\/\/teijaalanen.fi\/index.php\/wp-json\/wp\/v2\/posts\/253","targetHints":{"allow":["GET"]}}],"collection":[{"href":"https:\/\/teijaalanen.fi\/index.php\/wp-json\/wp\/v2\/posts"}],"about":[{"href":"https:\/\/teijaalanen.fi\/index.php\/wp-json\/wp\/v2\/types\/post"}],"author":[{"embeddable":true,"href":"https:\/\/teijaalanen.fi\/index.php\/wp-json\/wp\/v2\/users\/2"}],"replies":[{"embeddable":true,"href":"https:\/\/teijaalanen.fi\/index.php\/wp-json\/wp\/v2\/comments?post=253"}],"version-history":[{"count":4,"href":"https:\/\/teijaalanen.fi\/index.php\/wp-json\/wp\/v2\/posts\/253\/revisions"}],"predecessor-version":[{"id":303,"href":"https:\/\/teijaalanen.fi\/index.php\/wp-json\/wp\/v2\/posts\/253\/revisions\/303"}],"wp:attachment":[{"href":"https:\/\/teijaalanen.fi\/index.php\/wp-json\/wp\/v2\/media?parent=253"}],"wp:term":[{"taxonomy":"category","embeddable":true,"href":"https:\/\/teijaalanen.fi\/index.php\/wp-json\/wp\/v2\/categories?post=253"},{"taxonomy":"post_tag","embeddable":true,"href":"https:\/\/teijaalanen.fi\/index.php\/wp-json\/wp\/v2\/tags?post=253"}],"curies":[{"name":"wp","href":"https:\/\/api.w.org\/{rel}","templated":true}]}}