{"id":248,"date":"2026-02-23T17:52:13","date_gmt":"2026-02-23T17:52:13","guid":{"rendered":"https:\/\/teijaalanen.fi\/?p=248"},"modified":"2026-02-23T19:12:34","modified_gmt":"2026-02-23T19:12:34","slug":"valtuustoaloite-yhteiskayttoiset-tyotilat-ja-tyovalineet-aloittavien-yrittajien-ja-itsensa-tyollistajien-tukena","status":"publish","type":"post","link":"https:\/\/teijaalanen.fi\/index.php\/2026\/02\/23\/valtuustoaloite-yhteiskayttoiset-tyotilat-ja-tyovalineet-aloittavien-yrittajien-ja-itsensa-tyollistajien-tukena\/","title":{"rendered":"Valtuustoaloite: Yhteisk\u00e4ytt\u00f6iset ty\u00f6tilat ja ty\u00f6v\u00e4lineet aloittavien yritt\u00e4jien ja itsens\u00e4 ty\u00f6llist\u00e4jien tukena"},"content":{"rendered":"\n<p>T\u00e4m\u00e4n valtuustoaloitteen laadin Vihreiden valtuustoryhm\u00e4n nimiss\u00e4.\u00a0\u00a0<\/p>\n\n\n\n<p>Joensuun kaupunki on sitoutunut strategiassaan edist\u00e4m\u00e4\u00e4n elinvoimaa, yritt\u00e4jyytt\u00e4 ja ty\u00f6llisyytt\u00e4. Yksi tapa vastata t\u00e4h\u00e4n olisi tukea nykyist\u00e4 vahvemmin itsens\u00e4 ty\u00f6llist\u00e4mist\u00e4. Erityisesti aloittavat yritt\u00e4j\u00e4t ja itsens\u00e4 ty\u00f6llist\u00e4j\u00e4t kohtaavat toiminnan alkuvaiheessa merkitt\u00e4vi\u00e4 taloudellisia kynnyksi\u00e4, jotka liittyv\u00e4t ty\u00f6tiloihin ja ty\u00f6v\u00e4lineisiin. T\u00e4m\u00e4n kaltaiset investoinnit voivat muodostua esteeksi yritystoiminnan aloittamiselle, vaikka liikeidea ja osaaminen olisivat kunnossa. N\u00e4it\u00e4 ovat esimerkiksi ty\u00f6tilojen vuokrat, laitteistohankinnat, ohjelmistolisenssit sek\u00e4 toimialakohtaiset erityisv\u00e4lineet.<\/p>\n\n\n\n<p>Joensuun kaupungilla olisi mahdollisuus tukea yritt\u00e4j\u00e4ksi ryhtymist\u00e4 tarjoamalla&nbsp;<strong>yhteisk\u00e4ytt\u00f6isi\u00e4, avoimia ja m\u00e4\u00e4r\u00e4aikaisia ratkaisuja<\/strong>, jotka eiv\u00e4t v\u00e4\u00e4rist\u00e4 kilpailua, mutta madaltavat kynnyst\u00e4 yritystoiminnan kokeilemiseen ja k\u00e4ynnist\u00e4miseen.<\/p>\n\n\n\n<p><strong>Vihre\u00e4 valtuustoryhm\u00e4 esitt\u00e4\u00e4, ett\u00e4 Joensuun kaupunki:<\/strong><\/p>\n\n\n\n<ol start=\"1\" class=\"wp-block-list\">\n<li><strong>Selvitt\u00e4\u00e4 mahdollisuuden perustaa tai laajentaa yhteisk\u00e4ytt\u00f6isi\u00e4 ty\u00f6tiloja<\/strong>, jotka on suunnattu erityisesti aloittaville yritt\u00e4jille ja itsens\u00e4 ty\u00f6llist\u00e4jille (esim. coworking-tilat, pop up -tilat).<\/li>\n\n\n\n<li><strong>Selvitt\u00e4\u00e4 mahdollisuuden tarjota maksutta tai edullisella vuokralla yhteisk\u00e4ytt\u00f6isi\u00e4 ty\u00f6v\u00e4lineit\u00e4 ja laitteita<\/strong>, kuten tietokoneita ja digitaalisia ty\u00f6v\u00e4lineit\u00e4 tai erilaisia toimialakohtaisia v\u00e4lineit\u00e4 (esim. luovat alat, ruoka-ala, pienimuotoinen valmistus)<\/li>\n\n\n\n<li><strong>Aloittaa selvityksen perusteella kokeilun edell\u00e4 mainituista toiminnoista ja arvioi kokeilun j\u00e4lkeen toiminnan vaikutuksia<\/strong>&nbsp;yritt\u00e4jyyden syntymiseen, ty\u00f6llisyyteen ja Joensuun elinvoimaan.<\/li>\n<\/ol>\n\n\n\n<p>Tavoitteena on luoda Joensuuhun k\u00e4yt\u00e4nn\u00f6nl\u00e4heinen ja kustannustehokas toimintamalli, joka tukee uuden yritystoiminnan synty\u00e4, kokeilukulttuuria ja paikallista elinvoimaa ilman kilpailun v\u00e4\u00e4ristymist\u00e4.&nbsp;<\/p>\n\n\n\n<p>Joensuussa 23.2026<\/p>\n\n\n\n<p>Joensuun Vihre\u00e4 valtuustoryhm\u00e4<\/p>\n","protected":false},"excerpt":{"rendered":"<p>T\u00e4m\u00e4n valtuustoaloitteen laadin Vihreiden valtuustoryhm\u00e4n nimiss\u00e4.\u00a0\u00a0 Joensuun kaupunki on sitoutunut strategiassaan edist\u00e4m\u00e4\u00e4n elinvoimaa, yritt\u00e4jyytt\u00e4 ja ty\u00f6llisyytt\u00e4. Yksi tapa vastata t\u00e4h\u00e4n olisi tukea nykyist\u00e4 vahvemmin itsens\u00e4 ty\u00f6llist\u00e4mist\u00e4. Erityisesti aloittavat yritt\u00e4j\u00e4t ja itsens\u00e4 ty\u00f6llist\u00e4j\u00e4t kohtaavat toiminnan alkuvaiheessa merkitt\u00e4vi\u00e4 taloudellisia kynnyksi\u00e4, jotka liittyv\u00e4t ty\u00f6tiloihin ja ty\u00f6v\u00e4lineisiin. T\u00e4m\u00e4n kaltaiset investoinnit voivat muodostua esteeksi yritystoiminnan aloittamiselle, vaikka liikeidea ja osaaminen&#8230;<\/p>\n","protected":false},"author":2,"featured_media":0,"comment_status":"open","ping_status":"open","sticky":false,"template":"","format":"standard","meta":{"footnotes":""},"categories":[5],"tags":[176,178,181,180,95,167,164,189,187,183,172,177,173,186,182,179,188,174,184,166,169,170,19,171,175,165,185],"class_list":["post-248","post","type-post","status-publish","format-standard","hentry","category-valtuustoaloite","tag-avoimet-tilat","tag-coworking-tilat","tag-digitaaliset-tyovalineet","tag-edulliset-tyovalineet","tag-elinvoima","tag-itsensa-tyollistajat","tag-joensuu","tag-joensuun-vihrea-valtuustoryhma","tag-kilpailun-vaaristyminen","tag-kokeilu","tag-laitteistohankinnat","tag-maaraaikaiset-tilat","tag-ohjelmistolisenssit","tag-paikallinen-elinvoima","tag-pienimuotoinen-valmistus","tag-pop-up-tilat","tag-selvitys","tag-toimialakohtaiset-erityisvalineet","tag-toimintamalli","tag-tyollisyys","tag-tyotilat","tag-tyovalineet","tag-valtuustoaloite","tag-vuokrat","tag-yhteiskayttoiset-ratkaisut","tag-yrittajyys","tag-yritystoiminnan-synty"],"_links":{"self":[{"href":"https:\/\/teijaalanen.fi\/index.php\/wp-json\/wp\/v2\/posts\/248","targetHints":{"allow":["GET"]}}],"collection":[{"href":"https:\/\/teijaalanen.fi\/index.php\/wp-json\/wp\/v2\/posts"}],"about":[{"href":"https:\/\/teijaalanen.fi\/index.php\/wp-json\/wp\/v2\/types\/post"}],"author":[{"embeddable":true,"href":"https:\/\/teijaalanen.fi\/index.php\/wp-json\/wp\/v2\/users\/2"}],"replies":[{"embeddable":true,"href":"https:\/\/teijaalanen.fi\/index.php\/wp-json\/wp\/v2\/comments?post=248"}],"version-history":[{"count":2,"href":"https:\/\/teijaalanen.fi\/index.php\/wp-json\/wp\/v2\/posts\/248\/revisions"}],"predecessor-version":[{"id":250,"href":"https:\/\/teijaalanen.fi\/index.php\/wp-json\/wp\/v2\/posts\/248\/revisions\/250"}],"wp:attachment":[{"href":"https:\/\/teijaalanen.fi\/index.php\/wp-json\/wp\/v2\/media?parent=248"}],"wp:term":[{"taxonomy":"category","embeddable":true,"href":"https:\/\/teijaalanen.fi\/index.php\/wp-json\/wp\/v2\/categories?post=248"},{"taxonomy":"post_tag","embeddable":true,"href":"https:\/\/teijaalanen.fi\/index.php\/wp-json\/wp\/v2\/tags?post=248"}],"curies":[{"name":"wp","href":"https:\/\/api.w.org\/{rel}","templated":true}]}}