{"id":218,"date":"2026-01-31T11:04:56","date_gmt":"2026-01-31T11:04:56","guid":{"rendered":"https:\/\/teijaalanen.fi\/?p=218"},"modified":"2026-01-31T12:13:11","modified_gmt":"2026-01-31T12:13:11","slug":"kun-koira-soi-villasukan-ja-minusta-tuli-parsija","status":"publish","type":"post","link":"https:\/\/teijaalanen.fi\/index.php\/2026\/01\/31\/kun-koira-soi-villasukan-ja-minusta-tuli-parsija\/","title":{"rendered":"Kun koira s\u00f6i villasukan ja minusta tuli parsija"},"content":{"rendered":"\n<p>Oheisessa kuvassa on parsittu villasukka. Ei mik\u00e4\u00e4n taideteos, vaan todiste poikkeuksellisesta tapahtumasta. Ensiksikin koira s\u00f6i villasukan tai oikeastaan j\u00e4rsi osan siit\u00e4. Toiseksi, min\u00e4 paikkasin sen.<\/p>\n\n\n\n<p>T\u00e4ss\u00e4 kohtaa moni minut tunteva kohottaa kulmakarvojaan. En harrasta k\u00e4sit\u00f6it\u00e4. En pid\u00e4 niist\u00e4. En rentoudu langan ja neulan \u00e4\u00e4rell\u00e4. Eik\u00e4 suustani ole varmaan koskaan kuultu lausetta: \u201ctekisip\u00e4 mieli v\u00e4h\u00e4n neuloa\u201d. Ja t\u00e4ss\u00e4 min\u00e4 nyt istuin villasukan kanssa, parsinneula k\u00e4dess\u00e4.<\/p>\n\n\n\n<p>Lanka oli valkeaa, sukka beigenharmaa. Lopputulos ei ole j\u00e4rin esteettinen, vaan osoittaa rehellisesti, ett\u00e4 t\u00e4m\u00e4 on korjattu. Lopputulos kertoo, ett\u00e4 t\u00e4ss\u00e4 on tapahtunut asioita.<\/p>\n\n\n\n<p>Yll\u00e4tt\u00e4v\u00e4\u00e4 on, ett\u00e4 kotoani l\u00f6ytyi villalankaa ja parsinneula. Ja viel\u00e4 yll\u00e4tt\u00e4v\u00e4mp\u00e4\u00e4 se, ett\u00e4 muistan sanan\u00a0<em>parsinneula<\/em>. Se kaivautui esiin aivan perimm\u00e4isest\u00e4 muistilokerosta, siit\u00e4 samasta, josta l\u00f6ytyy palvilihakeiton maku ja m\u00e4r\u00e4n taulusienen haju sormissa.<\/p>\n\n\n\n<figure class=\"wp-block-image size-large\"><img loading=\"lazy\" decoding=\"async\" width=\"1024\" height=\"768\" src=\"https:\/\/teijaalanen.fi\/wp-content\/uploads\/2026\/01\/IMG_1768-1024x768.jpeg\" alt=\"Korjattu villasukka\" class=\"wp-image-219\" srcset=\"https:\/\/teijaalanen.fi\/wp-content\/uploads\/2026\/01\/IMG_1768-1024x768.jpeg 1024w, https:\/\/teijaalanen.fi\/wp-content\/uploads\/2026\/01\/IMG_1768-300x225.jpeg 300w, https:\/\/teijaalanen.fi\/wp-content\/uploads\/2026\/01\/IMG_1768-768x576.jpeg 768w, https:\/\/teijaalanen.fi\/wp-content\/uploads\/2026\/01\/IMG_1768-1536x1152.jpeg 1536w, https:\/\/teijaalanen.fi\/wp-content\/uploads\/2026\/01\/IMG_1768-2048x1536.jpeg 2048w\" sizes=\"auto, (max-width: 1024px) 100vw, 1024px\" \/><\/figure>\n\n\n\n<p><em>(Kuvan villasukka ei ole t\u00e4ydellinen. Niin kuin ei el\u00e4m\u00e4k\u00e4\u00e4n. Mutta se on taas k\u00e4ytt\u00f6kelpoinen.)<\/em><\/p>\n\n\n\n<p>Parsinneula, taulusieni ja palvilihakeitto olivat osa peruskouluani. Kaikenlaista sit\u00e4 peruskoulussa on n\u00e4k\u00f6j\u00e4\u00e4n oppinut. Sellaisiakin asioita, joiden merkityksen ymm\u00e4rt\u00e4\u00e4 vasta vuosikymmeni\u00e4 my\u00f6hemmin, koiran sy\u00f6m\u00e4n villasukan \u00e4\u00e4rell\u00e4. Joskus on opeteltu parsimista, ei siksi ett\u00e4 kaikista tulisi k\u00e4sity\u00f6ihmisi\u00e4, vaan siksi ett\u00e4 el\u00e4m\u00e4ss\u00e4 voi tulla hetki, jolloin joku asia on rikki \u2013 ja sen voi korjata.<\/p>\n\n\n\n<p>N\u00e4it\u00e4 miettiess\u00e4ni ajatukset kulkivat my\u00f6s kiertotalouteen. En heitt\u00e4nyt sukkia pois. En ostanut uusia. Korjasin vanhat. En niink\u00e4\u00e4n ideologisista syist\u00e4, vaan koska se tuntui  j\u00e4rkev\u00e4lt\u00e4. (Ja ehk\u00e4 my\u00f6s siksi, ett\u00e4 keski-ik\u00e4istyv\u00e4 min\u00e4ni kuiskutteli olkani takaa, ett\u00e4 \u201cennen vanhaan n\u00e4m\u00e4 parsittiin\u201d.) Ja miten iloiseksi tulinkaan siit\u00e4, ett\u00e4 on olemassa asioita, jotka voi korjata k\u00e4ytt\u00f6kelpoiseksi!<\/p>\n\n\n\n<p>En tied\u00e4, teenk\u00f6 t\u00e4t\u00e4 uudestaan. Ehk\u00e4 en. Mutta nyt minulla on beigenharmaa villasukka, jonka neuloksessa on valkea paikka sek\u00e4 pieni tunne siit\u00e4, ett\u00e4 osaan enemm\u00e4n kuin luulin. Kiitos Pipsa. Kiitos suomalainen peruskoulu. Ja kiitos parsinneula, joka olet k\u00e4rsiv\u00e4llisesti odottanut laatikossa t\u00e4t\u00e4 hetke\u00e4.<\/p>\n\n\n\n<p><\/p>\n","protected":false},"excerpt":{"rendered":"<p>Oheisessa kuvassa on parsittu villasukka. Ei mik\u00e4\u00e4n taideteos, vaan todiste poikkeuksellisesta tapahtumasta. Ensiksikin koira s\u00f6i villasukan tai oikeastaan j\u00e4rsi osan siit\u00e4. Toiseksi, min\u00e4 paikkasin sen. T\u00e4ss\u00e4 kohtaa moni minut tunteva kohottaa kulmakarvojaan. En harrasta k\u00e4sit\u00f6it\u00e4. En pid\u00e4 niist\u00e4. En rentoudu langan ja neulan \u00e4\u00e4rell\u00e4. Eik\u00e4 suustani ole varmaan koskaan kuultu lausetta: \u201ctekisip\u00e4 mieli v\u00e4h\u00e4n neuloa\u201d&#8230;.<\/p>\n","protected":false},"author":2,"featured_media":219,"comment_status":"open","ping_status":"open","sticky":false,"template":"","format":"standard","meta":{"footnotes":""},"categories":[106],"tags":[116,115,111,117,112,107,113,118,110,109,114,119,108],"class_list":["post-218","post","type-post","status-publish","format-standard","has-post-thumbnail","hentry","category-reunamerkinta","tag-arjen-sattumat","tag-henkilokohtainen-kokemus","tag-kasityot","tag-kaytannollisyys","tag-kiertotalous","tag-koira","tag-korjaaminen","tag-materiaalien-uudelleenkaytto","tag-parsinneula","tag-parsinta","tag-peruskoulu","tag-pipsa-koira","tag-villasukka"],"_links":{"self":[{"href":"https:\/\/teijaalanen.fi\/index.php\/wp-json\/wp\/v2\/posts\/218","targetHints":{"allow":["GET"]}}],"collection":[{"href":"https:\/\/teijaalanen.fi\/index.php\/wp-json\/wp\/v2\/posts"}],"about":[{"href":"https:\/\/teijaalanen.fi\/index.php\/wp-json\/wp\/v2\/types\/post"}],"author":[{"embeddable":true,"href":"https:\/\/teijaalanen.fi\/index.php\/wp-json\/wp\/v2\/users\/2"}],"replies":[{"embeddable":true,"href":"https:\/\/teijaalanen.fi\/index.php\/wp-json\/wp\/v2\/comments?post=218"}],"version-history":[{"count":5,"href":"https:\/\/teijaalanen.fi\/index.php\/wp-json\/wp\/v2\/posts\/218\/revisions"}],"predecessor-version":[{"id":233,"href":"https:\/\/teijaalanen.fi\/index.php\/wp-json\/wp\/v2\/posts\/218\/revisions\/233"}],"wp:featuredmedia":[{"embeddable":true,"href":"https:\/\/teijaalanen.fi\/index.php\/wp-json\/wp\/v2\/media\/219"}],"wp:attachment":[{"href":"https:\/\/teijaalanen.fi\/index.php\/wp-json\/wp\/v2\/media?parent=218"}],"wp:term":[{"taxonomy":"category","embeddable":true,"href":"https:\/\/teijaalanen.fi\/index.php\/wp-json\/wp\/v2\/categories?post=218"},{"taxonomy":"post_tag","embeddable":true,"href":"https:\/\/teijaalanen.fi\/index.php\/wp-json\/wp\/v2\/tags?post=218"}],"curies":[{"name":"wp","href":"https:\/\/api.w.org\/{rel}","templated":true}]}}