{"id":213,"date":"2026-01-26T18:51:48","date_gmt":"2026-01-26T18:51:48","guid":{"rendered":"https:\/\/teijaalanen.fi\/?p=213"},"modified":"2026-01-31T11:01:45","modified_gmt":"2026-01-31T11:01:45","slug":"kullervo-emma-thompson","status":"publish","type":"post","link":"https:\/\/teijaalanen.fi\/index.php\/2026\/01\/26\/kullervo-emma-thompson\/","title":{"rendered":"Kullervo &amp; Emma Thompson"},"content":{"rendered":"\n<p>Olipahan hieno kokemus! Kalevala \u2013 Kullervon tarina, joka (niin kuin varmasti kaikki lukijani tiet\u00e4v\u00e4tkin!),on kuvattu p\u00e4\u00e4osin Nurmeksessa. L\u00e4hdin elokuviin uteliain ja odottavin mielin. Arvostan Kalevalaa ja sen tarinoiden merkityst\u00e4 osana suomalaista kulttuuriperint\u00f6\u00e4 ja aina on v\u00e4h\u00e4n j\u00e4nnitt\u00e4v\u00e4\u00e4, mit\u00e4 uutta ja omaansa kansalliseeppokseemme tarttuvat taiteilijat tuovat.<\/p>\n\n\n\n<p>Vaikka Kullervon tarinan synkkyys kulkee l\u00e4pi koko elokuvan, minuun teki suuren vaikutuksen se, miten kauniisti Pohjois-Karjalan luonto oli nostettu osaksi kerrontaa.\u00a0 Maisemat eiv\u00e4t olleet vain kohtausten taustana, vaan keskeinen osa tarinaa ja elokuvan visuaalisuutta.\u00a0<\/p>\n\n\n\n<p>Elokuva oli t\u00e4lle vuodelle jo toinen valkokankaalle p\u00e4\u00e4tynyt teos, joka on kuvattu Pohjois-Karjalan maisemissa. Paljon julkisuutta saaneen Emma Thompsonin t\u00e4hditt\u00e4m\u00e4n Syd\u00e4ntalven kuvauspaikkana toimi muun muassa Koli, mutta vilahtipa kuvissa monta muutakin tuttua paikkaa. Maakunnan kannalta n\u00e4m\u00e4 produktiot ovat todella t\u00e4rkeit\u00e4. Elokuvilla on oma paikkansa alueellisen elinvoiman kannalta. Jokainen tuotanto tuo It\u00e4-Suomeen ty\u00f6paikkoja ja toimeentuloa. Tuotantoryhm\u00e4t hy\u00f6dynt\u00e4v\u00e4t paikallisia majoitus- ja ravintolapalveluita, kuljetuksia ja monenlaista muutakin osaamista, kuten vaikkapa Emilian hyvin k\u00e4ytt\u00e4ytyvi\u00e4 p\u00e4ssej\u00e4, jotka nekin ansaitsivat palkkansa roolistaan Kullervossa.&nbsp;<a href=\"https:\/\/yle.fi\/a\/74-20203914\" target=\"_blank\" rel=\"noreferrer noopener\">https:\/\/yle.fi\/a\/74-20203914<\/a>&nbsp;<\/p>\n\n\n\n<p>Ja onhan n\u00e4ill\u00e4 laajassa levityksess\u00e4 olevilla elokuvilla teht\u00e4v\u00e4ns\u00e4 my\u00f6s mielikuvien rakentamisessa. Sek\u00e4 Syd\u00e4ntalvea ett\u00e4 Kullervon tarinaa katsoessani ja tunnistaessani tuttuja maisemia, ajattelin v\u00e4ist\u00e4m\u00e4tt\u00e4, miten vahva vaikutus t\u00e4llaisilla kuvilla voi olla muualla asuville. Ne voivat her\u00e4tt\u00e4\u00e4 kiinnostuksen koko aluettamme kohtaan tavalla, johon perinteinen markkinointi harvoin pystyy! Vaikkakaan Kullervon henkil\u00f6hahmot eiv\u00e4t varsinaisesti houkuttele tutustumaan suomalaisiin. \ud83d\ude00<\/p>\n\n\n\n<p>Joulukuun kokouksessa teimme maakuntavaltuustossa p\u00e4\u00e4t\u00f6ksen, joka j\u00e4i monelta ehk\u00e4 huomaamatta ja ansaitsee siksi t\u00e4ss\u00e4 yhteydess\u00e4 tulla mainituksi. Valtuuston p\u00e4\u00e4t\u00f6ksell\u00e4 Maakuntaliiton teht\u00e4viin lis\u00e4ttiin vastuu It\u00e4-Suomen Elokuvakomission toiminnasta ja sille varattiin rahoitus Maakuntaliiton talousarvioon. K\u00e4yt\u00e4nn\u00f6ss\u00e4 t\u00e4m\u00e4 tarkoittaa sit\u00e4, ett\u00e4 Maakuntaliitto palkkaa ty\u00f6ntekij\u00e4n, jonka teht\u00e4viin kuuluu tukea elokuvatuotantojen toteuttamista It\u00e4-Suomessa.<\/p>\n\n\n\n<p>Ajatukset ovat Kullervon lis\u00e4ksi liikkuneet Kalevalan tarinoissa alkuvuoden aikana muutenkin. Luin Emmi It\u00e4rannan Lumenlaulajan, joka teki minuun suuren vaikutuksen. It\u00e4rannan teos kertoo Kalevalan Louhesta, joka on totuttu n\u00e4kem\u00e4\u00e4n perinteisesti pahana ja kylm\u00e4n\u00e4 voimanaisena. It\u00e4ranta antaa Louhelle \u00e4\u00e4nen ja kertoo h\u00e4nen tarinansa lapsuudesta alkaen. Yll\u00e4tt\u00e4en Louhesta avautuu moniulotteinen hahmo, joka ei olekaan yksiselitteisesti ilke\u00e4 ja paha, vaan Louhen teot n\u00e4ytt\u00e4ytyv\u00e4t h\u00e4nen menetystens\u00e4 ja patriarkaalisen, sotaisan vallank\u00e4yt\u00f6n valossa.&nbsp;<\/p>\n\n\n\n<p>Kalevalassa miesten tarinat on nostettu keski\u00f6\u00f6n, naisten j\u00e4\u00e4dess\u00e4 usein sivuhahmoiksi. It\u00e4rannan teos sai pohtimaan, olisiko Kalevalan naisten n\u00e4k\u00f6kulma seuraava askel Kalevala-elokuvien maailmassa? Toivon ainakin, ett\u00e4 Kullervo saa jatkoa! Tarinan keskushahmona Louhi tai Lemmink\u00e4isen \u00e4iti haastaisi meid\u00e4t katsomaan tuttuja tarinoita uudella tavalla. (Lemmink\u00e4isen \u00e4iti on muuten It\u00e4rannan teoksessa saanut oman nimenkin: Leimu. V\u00e4in\u00e4m\u00f6ist\u00e4 ei sen sijaan mainita nimelt\u00e4 laisinkaan. H\u00e4n esiintyy tarinassa valkopartaisena sivuhahmona, vaikka toki h\u00e4nen laulajan ja tiet\u00e4j\u00e4n taitonsa tulevat tunnustetuiksi.)<\/p>\n\n\n\n<p>Sek\u00e4 Lumenlaulaja ett\u00e4 Kullervo osoittivat sen, miten vahvasti Kalevalan kertomukset resonoivat nykyajassa. Kalevala on yhteist\u00e4 perint\u00f6\u00e4mme ja ajattelen, ett\u00e4 se kest\u00e4\u00e4 monenlaiset uudelleen tulkinnat. Kiitos sek\u00e4 kirjailijoille ett\u00e4 elokuvan tekij\u00f6ille siit\u00e4, ett\u00e4 kerrotte sek\u00e4 n\u00e4it\u00e4 vanhoja avoimesti uudistaen ett\u00e4 kokonaan uusia tarinoita. Pohjois-Karjalalla on ainutlaatuinen mahdollisuus olla se paikka, joka antaa puitteet paitsi Kalevalalle my\u00f6s Syd\u00e4ntalven kaltaisille trillereille.&nbsp;<\/p>\n\n\n\n<p>Tervetuloa elokuvan tekij\u00e4t Pohjois-Karjalaan, meilt\u00e4 l\u00f6ytyy osaamista ja tekij\u00f6it\u00e4!<\/p>\n","protected":false},"excerpt":{"rendered":"<p>Olipahan hieno kokemus! Kalevala \u2013 Kullervon tarina, joka (niin kuin varmasti kaikki lukijani tiet\u00e4v\u00e4tkin!),on kuvattu p\u00e4\u00e4osin Nurmeksessa. L\u00e4hdin elokuviin uteliain ja odottavin mielin. Arvostan Kalevalaa ja sen tarinoiden merkityst\u00e4 osana suomalaista kulttuuriperint\u00f6\u00e4 ja aina on v\u00e4h\u00e4n j\u00e4nnitt\u00e4v\u00e4\u00e4, mit\u00e4 uutta ja omaansa kansalliseeppokseemme tarttuvat taiteilijat tuovat. Vaikka Kullervon tarinan synkkyys kulkee l\u00e4pi koko elokuvan, minuun teki&#8230;<\/p>\n","protected":false},"author":2,"featured_media":0,"comment_status":"open","ping_status":"open","sticky":false,"template":"","format":"standard","meta":{"footnotes":""},"categories":[106],"tags":[105,95,98,103,104,93,97,101,100,99,91,102,92,12,96,94],"class_list":["post-213","post","type-post","status-publish","format-standard","hentry","category-reunamerkinta","tag-alueellinen-markkinointi","tag-elinvoima","tag-elokuva","tag-elokuvakomissio","tag-elokuvatuotannon-tuki-ita-suomessa","tag-elokuvatuotannot-ita-suomessa","tag-emma-thompson","tag-itaranta-lumenlaulaja","tag-kalevalan","tag-kirjallisuus","tag-kullervo-kalevala-kalevalan-tarina-suomalainen-kulttuuriperinto-elokuvat-elokuvakokemus-pohjois-karjalan-luonto-maisemat-visuaalisuus-kalevala-kullervon-tarina-elokuva","tag-maakuntaliitto","tag-nurmes","tag-pohjois-karjala","tag-sydantalvi-elokuva","tag-tyopaikat"],"_links":{"self":[{"href":"https:\/\/teijaalanen.fi\/index.php\/wp-json\/wp\/v2\/posts\/213","targetHints":{"allow":["GET"]}}],"collection":[{"href":"https:\/\/teijaalanen.fi\/index.php\/wp-json\/wp\/v2\/posts"}],"about":[{"href":"https:\/\/teijaalanen.fi\/index.php\/wp-json\/wp\/v2\/types\/post"}],"author":[{"embeddable":true,"href":"https:\/\/teijaalanen.fi\/index.php\/wp-json\/wp\/v2\/users\/2"}],"replies":[{"embeddable":true,"href":"https:\/\/teijaalanen.fi\/index.php\/wp-json\/wp\/v2\/comments?post=213"}],"version-history":[{"count":3,"href":"https:\/\/teijaalanen.fi\/index.php\/wp-json\/wp\/v2\/posts\/213\/revisions"}],"predecessor-version":[{"id":216,"href":"https:\/\/teijaalanen.fi\/index.php\/wp-json\/wp\/v2\/posts\/213\/revisions\/216"}],"wp:attachment":[{"href":"https:\/\/teijaalanen.fi\/index.php\/wp-json\/wp\/v2\/media?parent=213"}],"wp:term":[{"taxonomy":"category","embeddable":true,"href":"https:\/\/teijaalanen.fi\/index.php\/wp-json\/wp\/v2\/categories?post=213"},{"taxonomy":"post_tag","embeddable":true,"href":"https:\/\/teijaalanen.fi\/index.php\/wp-json\/wp\/v2\/tags?post=213"}],"curies":[{"name":"wp","href":"https:\/\/api.w.org\/{rel}","templated":true}]}}